{"id":91,"date":"2018-12-28T11:48:06","date_gmt":"2018-12-28T11:48:06","guid":{"rendered":"https:\/\/dis.ijs.si\/ds\/?p=91"},"modified":"2019-05-16T08:58:13","modified_gmt":"2019-05-16T08:58:13","slug":"nacrt-v-2019","status":"publish","type":"post","link":"https:\/\/dis.ijs.si\/ds\/index.php\/2018\/12\/28\/nacrt-v-2019\/","title":{"rendered":"Na\u010drt v 2019"},"content":{"rendered":"\n<p>\u010casovno je najprej na vrsti analiza in pogovori oz. posvet glede novega raziskovalnega zakona (veljavni http:\/\/pisrs.si\/Pis.web\/pregledPredpisa?id=ZAKO3387, predlog&nbsp;https:\/\/www.dz-rs.si\/wps\/portal\/Home\/deloDZ\/zakonodaja\/izbranZakonAkt?uid=83173AA791C7D2D5C1258355003A177D&amp;db=pre_zak&amp;mandat=VIII&amp;tip=doc),&nbsp;ter rebalans prora\u010duna, kjer bomo vztrajali na popravi prenizkega dele\u017ea za znanost.&nbsp;<\/p>\n\n\n\n<p>Predvideni posveti: voda &#8211; poleti 2019; cepljenje; starej\u0161i &#8211; pomladi 2019; prekarstvo in nezaposleni in \u017eenske pravice; promet in okolje<\/p>\n\n\n\n<p>Sprotna poro\u010dila:\u00a0<br>8.1. Komisija za znanost, kulturo &#8230; Dr\u017eavi sekretar in direktor ARRS &#8211; neformalno spra\u0161eval za dr. No\u010da, uradno opozoril, da je izostanek financiranja znanosti z 0.37 odstotka za dr\u017eavno znanost najslab\u0161e v Sloveniji vrsto let, 3. najslab\u0161e v Evropi, \u0161kodljivo za celo Slovenijo<br>Dr\u017e. sekretar obljubil dvig v rebalansu in sprejetje zakona v roku pol leta<br>Dr\u017e. sekretar za kulturo predstavil poglede, nekaj pozitivnih misli, nato pa se izognil vpra\u0161anju, kako poskrbeti zlasti za mlade slovenske umetnike, recimo glasbenike, ki so iz medijev prakti\u010dno izginili zaradi neustreznih pravil in regulacij. Kot da to ni pomembno??<\/p>\n\n\n\n<p>11.1. Javna predstavitev mnenj, Odbor za izobra\u017eevanje, znanost, \u0161port in mladino. Opozoril, da danes marsikdo podcenjujo\u010de govori o raziskovanju in razvoju, a je to najbolj pomembna panoga za razvoj \u010dlove\u0161tva, raziskovanje pa najbolj atraktiven umski poklic, zato je potrebno dati raziskovalcem in raziskovalkam vse priznanje. Potrebno je uspeti pri rebalansu in zakonu.\u00a0<br>Odbor za\u00a0https:\/\/www.dz-rs.si\/wps\/portal\/Home\/deloDZ\/seje\/izbranaSejaDt?seja=21%20001.%20Javna%20predstavitev%20mnenj&amp;start=2019-01-11&amp;mandat=VIII<\/p>\n\n\n\n<p>15.1. Pogovor z dr\u017eavnim sekretarjem in direktorjema direktoratov. Konstruktivno in dogovorjeno, da gremo skupaj v novi zakon in rebalans. Odprte to\u010dke (samo manj\u0161e, ve\u010dinoma se strinjamo): <br>1. ali bi morala IAS lobirati za ve\u010d angle\u0161\u010dine na univerzah \/ po na\u0161em statutu se moramo ukvarjati s stroko samo, predvsem in\u017eenirsko, ne pa z zadevami, ki imajo ideolo\u0161ke in politi\u010dne kontradiktorne poglede.&nbsp;<br>2. kako to, da Slovenija kot podpisnica ni izpla\u010devala slovenskim koordinatorjem EU projektov 8000 evrov (kot so druge dr\u017eave svojim) &#8211; po mojem mnenju je to dokaz neverjetne zbirokratiziranosti in nezmo\u017enosti, da bi spremenili nekaj besed v zakonih. To bo potrebno spremeniti.&nbsp;<\/p>\n\n\n\n<p>15.1. Pojavilo se je vpra\u0161anje, kdo varuje znanstvenike pred pritiski ideologije itd. Prav gotovo je to vloga tudi dr\u017eavnega svetnika za znanost. Preprosto povedano &#8211; kadar boste kot raziskovalci ali strokovnjaki napadani s strani ideologije, politike, vodstev, &#8230; se mirno obrnite name in naredil bom, kar lahko. V raziskovalce si vsak lokalni pa\u0161a zadnje \u010dase prepogosto bri\u0161e \u010devlje, namesto da bi imeli raziskovalci poseben status kot najbolj prodorni in pomembni za razvoj Slovenije.&nbsp;<\/p>\n","protected":false},"excerpt":{"rendered":"<p>\u010casovno je najprej na vrsti analiza in pogovori oz. posvet glede novega raziskovalnega zakona (veljavni http:\/\/pisrs.si\/Pis.web\/pregledPredpisa?id=ZAKO3387, predlog&nbsp;https:\/\/www.dz-rs.si\/wps\/portal\/Home\/deloDZ\/zakonodaja\/izbranZakonAkt?uid=83173AA791C7D2D5C1258355003A177D&amp;db=pre_zak&amp;mandat=VIII&amp;tip=doc),&nbsp;ter rebalans prora\u010duna, kjer bomo vztrajali na popravi prenizkega dele\u017ea za znanost.&nbsp; Predvideni posveti: voda &#8211; poleti 2019; cepljenje; starej\u0161i &#8211; pomladi 2019; prekarstvo in nezaposleni in \u017eenske pravice; promet in okolje Sprotna poro\u010dila:\u00a08.1. Komisija za znanost, kulturo &#8230; &hellip; <a href=\"https:\/\/dis.ijs.si\/ds\/index.php\/2018\/12\/28\/nacrt-v-2019\/\" class=\"more-link\">Continue reading <span class=\"screen-reader-text\">Na\u010drt v 2019<\/span><\/a><\/p>\n","protected":false},"author":2,"featured_media":0,"comment_status":"closed","ping_status":"open","sticky":false,"template":"","format":"standard","meta":{"footnotes":""},"categories":[2],"tags":[],"class_list":["post-91","post","type-post","status-publish","format-standard","hentry","category-porocila"],"_links":{"self":[{"href":"https:\/\/dis.ijs.si\/ds\/index.php\/wp-json\/wp\/v2\/posts\/91","targetHints":{"allow":["GET"]}}],"collection":[{"href":"https:\/\/dis.ijs.si\/ds\/index.php\/wp-json\/wp\/v2\/posts"}],"about":[{"href":"https:\/\/dis.ijs.si\/ds\/index.php\/wp-json\/wp\/v2\/types\/post"}],"author":[{"embeddable":true,"href":"https:\/\/dis.ijs.si\/ds\/index.php\/wp-json\/wp\/v2\/users\/2"}],"replies":[{"embeddable":true,"href":"https:\/\/dis.ijs.si\/ds\/index.php\/wp-json\/wp\/v2\/comments?post=91"}],"version-history":[{"count":8,"href":"https:\/\/dis.ijs.si\/ds\/index.php\/wp-json\/wp\/v2\/posts\/91\/revisions"}],"predecessor-version":[{"id":110,"href":"https:\/\/dis.ijs.si\/ds\/index.php\/wp-json\/wp\/v2\/posts\/91\/revisions\/110"}],"wp:attachment":[{"href":"https:\/\/dis.ijs.si\/ds\/index.php\/wp-json\/wp\/v2\/media?parent=91"}],"wp:term":[{"taxonomy":"category","embeddable":true,"href":"https:\/\/dis.ijs.si\/ds\/index.php\/wp-json\/wp\/v2\/categories?post=91"},{"taxonomy":"post_tag","embeddable":true,"href":"https:\/\/dis.ijs.si\/ds\/index.php\/wp-json\/wp\/v2\/tags?post=91"}],"curies":[{"name":"wp","href":"https:\/\/api.w.org\/{rel}","templated":true}]}}