{"id":361,"date":"2021-01-26T10:49:30","date_gmt":"2021-01-26T10:49:30","guid":{"rendered":"https:\/\/dis.ijs.si\/ds\/?p=361"},"modified":"2021-01-26T10:49:30","modified_gmt":"2021-01-26T10:49:30","slug":"44-za-znanost-s-predstavnico-predsedujoce-eu","status":"publish","type":"post","link":"https:\/\/dis.ijs.si\/ds\/index.php\/2021\/01\/26\/44-za-znanost-s-predstavnico-predsedujoce-eu\/","title":{"rendered":"44. Za znanost &#8211; s predstavnico predsedujo\u010de EU"},"content":{"rendered":"<p>Primer, kako se da ob vsaki priliki opozoriti na pomen znanosti, napredka, razvoj (\u0161e vedno sem pozitivno presene\u010den, kako se da v DS to sistemati\u010dno in pozitivno po\u010deti). Na plenarnem zasedanju dr\u017eavnega zbora je predstavnica Portugalske, predsedujo\u010de EU za pol leta (potem pride na vrsto Slovenija), predstavila poglede na razvoj EU. V diskusiji sem izpostavil pomen znanosti pri povezovanju in sodelovanju v EU &#8211; v skupnih EU projektih sem tudi osebno nekajkrat sodeloval na mednarodnih projektih tudi s Portugalsko. Omenil sem, da se bli\u017ea konec &#8220;hude&#8221; korone, ko dnevno v Sloveniji umre nekaj 10 ljudi, zaradi cepljenja &#8211; <strong>izreden dose\u017eek znanosti, ki nas kot \u017ee tolikokrat re\u0161uje iz zagat.<\/strong> Vpra\u0161anje pa je bilo &#8211; zakaj je Izrael precepil 10x ve\u010d dr\u017eavljanov kot Slovenija (v %)? S tem \u017eelim EU opozoriti na nenavadne dogodke, povezane z zamudami dobav cepiva Sloveniji.<\/p>\n<p>http:\/\/www.ds-rs.si\/node\/6074, 1:31:20<\/p>\n<p>Ljubljana, 20. januar 2021 \u2013 Dr\u017eavni svetniki so se danes se\u0161li na 36. redni seji, na kateri so se seznanili s prednostnimi nalogami predsedovanja Portugalske Svetu Evropske unije v leto\u0161njem prvem poletju.<\/p>\n","protected":false},"excerpt":{"rendered":"<p>Primer, kako se da ob vsaki priliki opozoriti na pomen znanosti, napredka, razvoj (\u0161e vedno sem pozitivno presene\u010den, kako se da v DS to sistemati\u010dno in pozitivno po\u010deti). Na plenarnem zasedanju dr\u017eavnega zbora je predstavnica Portugalske, predsedujo\u010de EU za pol leta (potem pride na vrsto Slovenija), predstavila poglede na razvoj EU. V diskusiji sem izpostavil &hellip; <a href=\"https:\/\/dis.ijs.si\/ds\/index.php\/2021\/01\/26\/44-za-znanost-s-predstavnico-predsedujoce-eu\/\" class=\"more-link\">Continue reading <span class=\"screen-reader-text\">44. Za znanost &#8211; s predstavnico predsedujo\u010de EU<\/span><\/a><\/p>\n","protected":false},"author":2,"featured_media":0,"comment_status":"open","ping_status":"open","sticky":false,"template":"","format":"standard","meta":{"footnotes":""},"categories":[2],"tags":[],"class_list":["post-361","post","type-post","status-publish","format-standard","hentry","category-porocila"],"_links":{"self":[{"href":"https:\/\/dis.ijs.si\/ds\/index.php\/wp-json\/wp\/v2\/posts\/361","targetHints":{"allow":["GET"]}}],"collection":[{"href":"https:\/\/dis.ijs.si\/ds\/index.php\/wp-json\/wp\/v2\/posts"}],"about":[{"href":"https:\/\/dis.ijs.si\/ds\/index.php\/wp-json\/wp\/v2\/types\/post"}],"author":[{"embeddable":true,"href":"https:\/\/dis.ijs.si\/ds\/index.php\/wp-json\/wp\/v2\/users\/2"}],"replies":[{"embeddable":true,"href":"https:\/\/dis.ijs.si\/ds\/index.php\/wp-json\/wp\/v2\/comments?post=361"}],"version-history":[{"count":1,"href":"https:\/\/dis.ijs.si\/ds\/index.php\/wp-json\/wp\/v2\/posts\/361\/revisions"}],"predecessor-version":[{"id":362,"href":"https:\/\/dis.ijs.si\/ds\/index.php\/wp-json\/wp\/v2\/posts\/361\/revisions\/362"}],"wp:attachment":[{"href":"https:\/\/dis.ijs.si\/ds\/index.php\/wp-json\/wp\/v2\/media?parent=361"}],"wp:term":[{"taxonomy":"category","embeddable":true,"href":"https:\/\/dis.ijs.si\/ds\/index.php\/wp-json\/wp\/v2\/categories?post=361"},{"taxonomy":"post_tag","embeddable":true,"href":"https:\/\/dis.ijs.si\/ds\/index.php\/wp-json\/wp\/v2\/tags?post=361"}],"curies":[{"name":"wp","href":"https:\/\/api.w.org\/{rel}","templated":true}]}}