{"id":262,"date":"2020-04-23T10:05:25","date_gmt":"2020-04-23T10:05:25","guid":{"rendered":"https:\/\/dis.ijs.si\/ds\/?p=262"},"modified":"2020-04-23T10:28:11","modified_gmt":"2020-04-23T10:28:11","slug":"34-o-koronavirusu","status":"publish","type":"post","link":"https:\/\/dis.ijs.si\/ds\/index.php\/2020\/04\/23\/34-o-koronavirusu\/","title":{"rendered":"34. O koronavirusu"},"content":{"rendered":"\n<p>Slovenska znanost se je aktivno vrgla v boj proti koronavirusu. Na Institutu &#8220;Jo\u017eef Stefan&#8221; je okoli 10 skupin analiziralo podatke, prikazovalo v raznih perspektivah, napovedovalo trende, \u0161tudiralo biolo\u0161ko-kemi\u010dne lastnosti itd. <\/p>\n\n\n\n<p>Na Odseku za inteligentne sisteme IJS, kjer dela avtor prispevka, smo naredili na stotine analiz in sedaj ka\u017eejo, da bo vreme odlo\u010dilno vplivalo na virus in \u0161e mnogo drugega. \u0160e sestavljamo za objavo v znanstveni reviji, nekaj konkretnih misli \/ osebnih intrepretacij je tule: <\/p>\n\n\n\n<p><\/p>\n\n\n\n<p>V \u017durnal24 je bil objavljen avtorski prispevek z okoli 160.000 branji na temo koronavirusa: https:\/\/www.zurnal24.si\/slovenija\/komentarji-in-kolumne\/v-slovenijo-prihaja-drugi-val-koronavirusa-koronavirus-ukrepi-omejitve-smiselnost-matjaz-gams-kolumna-345592<\/p>\n\n\n\n<p><\/p>\n\n\n\n<p>Izjava v Dr\u017eavnem svetu pa je tule: https:\/\/www.youtube.com\/watch?v=jomltWyIqyw. Spet se je pokazalo, kako klju\u010dnega pomena je kvalitetna znanost in primerno financiranje, pozornost in podpora. <\/p>\n","protected":false},"excerpt":{"rendered":"<p>Slovenska znanost se je aktivno vrgla v boj proti koronavirusu. Na Institutu &#8220;Jo\u017eef Stefan&#8221; je okoli 10 skupin analiziralo podatke, prikazovalo v raznih perspektivah, napovedovalo trende, \u0161tudiralo biolo\u0161ko-kemi\u010dne lastnosti itd. Na Odseku za inteligentne sisteme IJS, kjer dela avtor prispevka, smo naredili na stotine analiz in sedaj ka\u017eejo, da bo vreme odlo\u010dilno vplivalo na virus &hellip; <a href=\"https:\/\/dis.ijs.si\/ds\/index.php\/2020\/04\/23\/34-o-koronavirusu\/\" class=\"more-link\">Continue reading <span class=\"screen-reader-text\">34. O koronavirusu<\/span><\/a><\/p>\n","protected":false},"author":2,"featured_media":0,"comment_status":"open","ping_status":"open","sticky":false,"template":"","format":"standard","meta":{"footnotes":""},"categories":[2],"tags":[],"class_list":["post-262","post","type-post","status-publish","format-standard","hentry","category-porocila"],"_links":{"self":[{"href":"https:\/\/dis.ijs.si\/ds\/index.php\/wp-json\/wp\/v2\/posts\/262","targetHints":{"allow":["GET"]}}],"collection":[{"href":"https:\/\/dis.ijs.si\/ds\/index.php\/wp-json\/wp\/v2\/posts"}],"about":[{"href":"https:\/\/dis.ijs.si\/ds\/index.php\/wp-json\/wp\/v2\/types\/post"}],"author":[{"embeddable":true,"href":"https:\/\/dis.ijs.si\/ds\/index.php\/wp-json\/wp\/v2\/users\/2"}],"replies":[{"embeddable":true,"href":"https:\/\/dis.ijs.si\/ds\/index.php\/wp-json\/wp\/v2\/comments?post=262"}],"version-history":[{"count":3,"href":"https:\/\/dis.ijs.si\/ds\/index.php\/wp-json\/wp\/v2\/posts\/262\/revisions"}],"predecessor-version":[{"id":265,"href":"https:\/\/dis.ijs.si\/ds\/index.php\/wp-json\/wp\/v2\/posts\/262\/revisions\/265"}],"wp:attachment":[{"href":"https:\/\/dis.ijs.si\/ds\/index.php\/wp-json\/wp\/v2\/media?parent=262"}],"wp:term":[{"taxonomy":"category","embeddable":true,"href":"https:\/\/dis.ijs.si\/ds\/index.php\/wp-json\/wp\/v2\/categories?post=262"},{"taxonomy":"post_tag","embeddable":true,"href":"https:\/\/dis.ijs.si\/ds\/index.php\/wp-json\/wp\/v2\/tags?post=262"}],"curies":[{"name":"wp","href":"https:\/\/api.w.org\/{rel}","templated":true}]}}