{"id":161,"date":"2019-07-06T22:46:07","date_gmt":"2019-07-06T22:46:07","guid":{"rendered":"https:\/\/dis.ijs.si\/ds\/?p=161"},"modified":"2019-07-06T22:46:07","modified_gmt":"2019-07-06T22:46:07","slug":"19-zasedanje-ds","status":"publish","type":"post","link":"https:\/\/dis.ijs.si\/ds\/index.php\/2019\/07\/06\/19-zasedanje-ds\/","title":{"rendered":"19. Zasedanje DS"},"content":{"rendered":"\n<p>Vsa zasedanja DS so prikazana na RTV SLO 3<br>3.7.2019 <\/p>\n\n\n\n<p>Pobude in vpra\u0161anja dr\u017eavnih svetnic in svetnikov<\/p>\n\n\n\n<p> a. Vpra\u0161anja dr\u017eavnih svetnikov dr. Matja\u017ea Gamsa in Igorja Antauerja glede stro\u0161kov varuhov in zagovornikov na vseh ravneh delovanja dr\u017eave.<br>Nastopim: Hkrati s pohvalo glede delovanja varuhov in zagovornikov se postavlja vpra\u0161anje o stro\u0161kih in posebej rasti stro\u0161kov. Prosimo, da nam predlo\u017eijo \u0161tevilke. <\/p>\n\n\n\n<p>d. Vpra\u0161anje dr\u017eavnega svetnika Franca Goloba v zvezi z novogradnjo oz. nadomestno gradnjo potresno nevarnega kirur\u0161kega bloka Splo\u0161ne bolni\u0161nice Slovenj Gradec.<br>Nastopim: Podprem, ker je bolni\u0161nica SG izrednega pomena za Koro\u0161ko.<\/p>\n\n\n\n<p>Predlog Mnenja k Letnemu poro\u010dilu Zavoda za pokojninsko in invalidsko zavarovanje Slovenije za leto 2018, EPA 611-VIII<\/p>\n\n\n\n<p>Nastop: Pokojnine so v primerjavi s pla\u010dami \u0161le dol kot pla\u010de v znanosti -15 odst. v 15 letih, zato govorjenje o previsokih pokojninah ni ok.<br> Sistem pa ni (bil) nikoli vzdr\u017een, trenutno je navidezno ugoden trend, ker razprodajamo dru\u017einsko srebrnino &#8211; banke, letali\u0161\u010da ..  V 24 urah \u017eivljenjska doba zraste za 6 ur, letno 10.000 otrok premalo, tudi tuji strokovnjaki opozarjajo. Bolje bi bilo fleksibilno, da gre tisti preutrujeni pri 50 letih v pokoj, tisti \u010dili pri 80 letih pa delajo z nekim dele\u017eem naprej.<\/p>\n\n\n\n<p>Predlog Mnenja k Poro\u010dilu o izvajanju evropske kohezijske politike 2014-2020 za obdobje januar 2014\u2013marec 2019 (Cilj: nalo\u017ebe za rast in delovna mesta) in k Poro\u010dilu o izvajanju Akcijskega na\u010drta za pospe\u0161itev \u010drpanja sredstev iz Operativnega programa za izvajanje evropske kohezijske politike v obdobju 2014\u20132020<\/p>\n\n\n\n<p>Ko so nekateri \u017eupani predlagali, da bi vsa sredstva dali v vodovod, kanalizacijo, kolesarske steze.<br>Nastopim: Kot odgovor na to, da naj bi vnaprej ve\u010d denarja vlagali v ceste itd. in manj v razvoj. V Sloveniji je 70.000 nezaposlenih, \u010de stopijo skupaj, je to od Lj do Kr Gore. Imamo premalo kvalitetnih podjetij z dobrimi pla\u010dami in dodano vrednostjo, pogosto pride k nam \u0161ravfenciger industrija na najbolj\u0161i zemlji s slabimi pla\u010dami in tujimi delavci. Moramo vlagati v lasten razvoj, tehnologije, znanost, da bodo mladi ostajali v ob\u010dini in Sloveniji. Je bolj zahtevno in tvegano kot gradnja cest, a brez tega ni kvalitetnega \u017eivljenja. <br> <\/p>\n\n\n\n<p>Predlog zakona o spremembi Zakona o minimalni pla\u010di &#8211; zakonodajna iniciativa  <\/p>\n\n\n\n<p>Nastop: Stroka pravi, da bo zaradi visokega dviga minimalne pla\u010de gospodarstvo slab\u0161e delovalo, nisem pa strokovnjak, da bi znal povedati, koliko. Glasoval bom za ljudi, ker ni primerno nekomu vzeti \u017ee dano. Se pa vidi, kako pomembni so sindikati. Gremo v smeri ekonomske kolonije, brez mo\u017enosti pribli\u017eevanja bolj razvitim; skrbijo mediji v lasti globalnega velekapitala, ki prepri\u010duje mno\u017eice v dobrote kolonije.  Ni pa prav, da se obravnava v DS brez poglobljenih pogovorov med gospodarstveniki in sindikati &#8211; in stroke!<\/p>\n\n\n\n<p>Predlog Sklepa k zaklju\u010dkom posveta Prikaz sistema \u0161tudentskega dela in njegovega vpliva na mlade in razvoj njihovih kompetenc, podjetja in prora\u010dun.<\/p>\n\n\n\n<p>Nastop: Ponovno opozoril na nekorektnost obdav\u010denja \u0161tudentskega dela, kadar delajo v praksi to, kar \u0161tudirajo. <\/p>\n","protected":false},"excerpt":{"rendered":"<p>Vsa zasedanja DS so prikazana na RTV SLO 33.7.2019 Pobude in vpra\u0161anja dr\u017eavnih svetnic in svetnikov a. Vpra\u0161anja dr\u017eavnih svetnikov dr. Matja\u017ea Gamsa in Igorja Antauerja glede stro\u0161kov varuhov in zagovornikov na vseh ravneh delovanja dr\u017eave.Nastopim: Hkrati s pohvalo glede delovanja varuhov in zagovornikov se postavlja vpra\u0161anje o stro\u0161kih in posebej rasti stro\u0161kov. Prosimo, da &hellip; <a href=\"https:\/\/dis.ijs.si\/ds\/index.php\/2019\/07\/06\/19-zasedanje-ds\/\" class=\"more-link\">Continue reading <span class=\"screen-reader-text\">19. Zasedanje DS<\/span><\/a><\/p>\n","protected":false},"author":2,"featured_media":0,"comment_status":"open","ping_status":"open","sticky":false,"template":"","format":"standard","meta":{"footnotes":""},"categories":[2],"tags":[],"class_list":["post-161","post","type-post","status-publish","format-standard","hentry","category-porocila"],"_links":{"self":[{"href":"https:\/\/dis.ijs.si\/ds\/index.php\/wp-json\/wp\/v2\/posts\/161","targetHints":{"allow":["GET"]}}],"collection":[{"href":"https:\/\/dis.ijs.si\/ds\/index.php\/wp-json\/wp\/v2\/posts"}],"about":[{"href":"https:\/\/dis.ijs.si\/ds\/index.php\/wp-json\/wp\/v2\/types\/post"}],"author":[{"embeddable":true,"href":"https:\/\/dis.ijs.si\/ds\/index.php\/wp-json\/wp\/v2\/users\/2"}],"replies":[{"embeddable":true,"href":"https:\/\/dis.ijs.si\/ds\/index.php\/wp-json\/wp\/v2\/comments?post=161"}],"version-history":[{"count":5,"href":"https:\/\/dis.ijs.si\/ds\/index.php\/wp-json\/wp\/v2\/posts\/161\/revisions"}],"predecessor-version":[{"id":166,"href":"https:\/\/dis.ijs.si\/ds\/index.php\/wp-json\/wp\/v2\/posts\/161\/revisions\/166"}],"wp:attachment":[{"href":"https:\/\/dis.ijs.si\/ds\/index.php\/wp-json\/wp\/v2\/media?parent=161"}],"wp:term":[{"taxonomy":"category","embeddable":true,"href":"https:\/\/dis.ijs.si\/ds\/index.php\/wp-json\/wp\/v2\/categories?post=161"},{"taxonomy":"post_tag","embeddable":true,"href":"https:\/\/dis.ijs.si\/ds\/index.php\/wp-json\/wp\/v2\/tags?post=161"}],"curies":[{"name":"wp","href":"https:\/\/api.w.org\/{rel}","templated":true}]}}